{"id":16441,"date":"2023-09-12T16:12:12","date_gmt":"2023-09-12T16:12:12","guid":{"rendered":"https:\/\/prehabilitation.ca\/?p=16441"},"modified":"2023-09-12T16:23:09","modified_gmt":"2023-09-12T16:23:09","slug":"newsletter-august-2023","status":"publish","type":"post","link":"https:\/\/prehabilitation.ca\/fr\/newsletter-august-2023\/","title":{"rendered":"Bulletin - Ao\u00fbt\u00a02023"},"content":{"rendered":"<div class=\"wpb-content-wrapper\"><div class=\"vc_row wpb_row vc_row-fluid\"><div class=\"wpb_column vc_column_container vc_col-sm-12\"><div class=\"vc_column-inner\"><div class=\"wpb_wrapper\">\n\t<div class=\"wpb_text_column wpb_content_element\" >\n\t\t<div class=\"wpb_wrapper\">\n\t\t\t<h1 style=\"text-align: center\">QUOI DE NEUF AU POP?<\/h1>\n<h1 style=\"text-align: center\">Peri Operative Programme P\u00e9ri-Op\u00e9ratoire (POP)<\/h1>\n<h1 style=\"text-align: center\">Bulletin Ao\u00fbt\u00a02023<\/h1>\n\n\t\t<\/div>\n\t<\/div>\n<\/div><\/div><\/div><\/div><div class=\"vc_row wpb_row vc_row-fluid\"><div class=\"wpb_column vc_column_container vc_col-sm-12\"><div class=\"vc_column-inner\"><div class=\"wpb_wrapper\"><h2 style=\"color: #28a7fb;text-align: center\" class=\"vc_custom_heading vc_do_custom_heading translation-block\" >PERI OPERATIVE PROGRAMME P\u00c9RI OP\u00c9RATOIRE (POP)<br>\r\nTEAM 2022-2023<\/h2>\n\t<div  class=\"wpb_single_image wpb_content_element vc_align_center\">\n\t\t\n\t\t<figure class=\"wpb_wrapper vc_figure\">\n\t\t\t<div class=\"vc_single_image-wrapper   vc_box_border_grey\"><img loading=\"lazy\" decoding=\"async\" width=\"1024\" height=\"681\" src=\"https:\/\/prehabilitation.ca\/wp-content\/uploads\/sites\/10\/2023\/09\/Picture.png\" class=\"vc_single_image-img attachment-large\" alt=\"\" title=\"Picture\" srcset=\"https:\/\/prehabilitation.ca\/wp-content\/uploads\/sites\/10\/2023\/09\/Picture.png 1025w, https:\/\/prehabilitation.ca\/wp-content\/uploads\/sites\/10\/2023\/09\/Picture-300x200.png 300w, https:\/\/prehabilitation.ca\/wp-content\/uploads\/sites\/10\/2023\/09\/Picture-768x511.png 768w, https:\/\/prehabilitation.ca\/wp-content\/uploads\/sites\/10\/2023\/09\/Picture-18x12.png 18w\" sizes=\"auto, (max-width: 1024px) 100vw, 1024px\"  data-dt-location=\"https:\/\/prehabilitation.ca\/fr\/newsletter-august-2023\/picture\/\" \/><\/div>\n\t\t<\/figure>\n\t<\/div>\n<\/div><\/div><\/div><\/div><div class=\"vc_row wpb_row vc_row-fluid\"><div class=\"wpb_column vc_column_container vc_col-sm-12\"><div class=\"vc_column-inner\"><div class=\"wpb_wrapper\"><h2 style=\"color: #28a7fb;text-align: left\" class=\"vc_custom_heading vc_do_custom_heading\" >RAPPORT DU PR\u00c9SIDENT<\/h2>\n\t<div class=\"wpb_text_column wpb_content_element\" >\n\t\t<div class=\"wpb_wrapper\">\n\t\t\t<h3><strong><u><b>Ouverture d\u2019une nouvelle clinique de pr\u00e9adaptation au CUSM<\/b><\/u><\/strong><\/h3>\n<p>En octobre\u00a02021, le CUSM a autoris\u00e9 le programme p\u00e9riop\u00e9ratoire \u00e0 exploiter une clinique. Les trois membres du personnel de la clinique sont des employ\u00e9s du\u00a0CUSM\u00a0: une adjointe administrative \u00e0 temps plein (Anastasia Parashis), un physioth\u00e9rapeute \u00e0 temps plein\u00a0(Do Jun Kim) et une nutritionniste travaillant \u00e0 mi-temps\u00a0(Jade Corriveau). La clinique est situ\u00e9e \u00e0 c\u00f4t\u00e9 de la clinique de soins pr\u00e9op\u00e9ratoires et du bureau du service centralis\u00e9 de r\u00e9servation de salles d\u2019op\u00e9ration\u00a0(CORB). Les patients de la clinique sont r\u00e9f\u00e9r\u00e9s par des chirurgiens du\u00a0CUSM et par d\u2019autres h\u00f4pitaux de Montr\u00e9al. \n\nAu cours de sa premi\u00e8re ann\u00e9e d\u2019existence, la clinique a re\u00e7u 184\u00a0patients \u00e0 risque \u00e9lev\u00e9 provenant de diff\u00e9rentes sp\u00e9cialit\u00e9s chirurgicales. Les patients ont \u00e9t\u00e9 vus par les membres de notre \u00e9quipe multidisciplinaire, qui leur ont prescrit des programmes individuel.  Outre le salaire des trois employ\u00e9s du CUSM, le programme p\u00e9riop\u00e9ratoire a aussi financ\u00e9 celui d\u2019une infirmi\u00e8re, d\u2019un pr\u00e9pos\u00e9 \u00e0 la saisie des donn\u00e9es et d\u2019un analyste de donn\u00e9es. Deux infirmi\u00e8res b\u00e9n\u00e9voles offrent un soutien psychosocial aux patients qui en ont besoin. De plus, le pr\u00e9sident et le directeur g\u00e9n\u00e9ral agissent \u00e0 titre de b\u00e9n\u00e9voles.<\/p>\n<p>Avant l\u2019ouverture de la clinique de pr\u00e9adaptation, les docteurs Gillis et Carli ont cr\u00e9\u00e9 un groupe de discussion auquel participent tous les employ\u00e9s de la clinique. Ils ont ensuite form\u00e9 un comit\u00e9 directeur au\u00a0CUSM, qui comprend un repr\u00e9sentant des patients, un chirurgien, un anesth\u00e9siologiste, un chercheur et trois administrateurs du\u00a0CUSM (finance, soins p\u00e9riop\u00e9ratoires et soins infirmiers) afin de superviser le progr\u00e8s de la clinique sur une p\u00e9riode de trois ans.<\/p>\n\n\t\t<\/div>\n\t<\/div>\n<div class=\"vc_row wpb_row vc_inner vc_row-fluid\"><div class=\"wpb_column vc_column_container vc_col-sm-1\/5\"><div class=\"vc_column-inner\"><div class=\"wpb_wrapper\">\n\t<div  class=\"wpb_single_image wpb_content_element vc_align_left\">\n\t\t\n\t\t<figure class=\"wpb_wrapper vc_figure\">\n\t\t\t<div class=\"vc_single_image-wrapper   vc_box_border_grey layzr-bg\"><img loading=\"lazy\" decoding=\"async\" width=\"692\" height=\"1024\" src=\"data:image\/svg+xml;charset=utf-8,%3Csvg xmlns%3D'http%3A%2F%2Fwww.w3.org%2F2000%2Fsvg' viewBox%3D'0 0 692 1024'%2F%3E\" data-src=\"https:\/\/prehabilitation.ca\/wp-content\/uploads\/sites\/10\/2023\/09\/kim-692x1024.png\" class=\"lazy-load vc_single_image-img attachment-large\" alt=\"\" title=\"kim\" data-srcset=\"https:\/\/prehabilitation.ca\/wp-content\/uploads\/sites\/10\/2023\/09\/kim-692x1024.png 692w, https:\/\/prehabilitation.ca\/wp-content\/uploads\/sites\/10\/2023\/09\/kim-203x300.png 203w, https:\/\/prehabilitation.ca\/wp-content\/uploads\/sites\/10\/2023\/09\/kim-768x1136.png 768w, https:\/\/prehabilitation.ca\/wp-content\/uploads\/sites\/10\/2023\/09\/kim-1038x1536.png 1038w, https:\/\/prehabilitation.ca\/wp-content\/uploads\/sites\/10\/2023\/09\/kim-8x12.png 8w, https:\/\/prehabilitation.ca\/wp-content\/uploads\/sites\/10\/2023\/09\/kim.png 1245w\" sizes=\"auto, (max-width: 692px) 100vw, 692px\"  data-dt-location=\"https:\/\/prehabilitation.ca\/fr\/newsletter-august-2023\/kim\/\" \/><\/div>\n\t\t<\/figure>\n\t<\/div>\n\n\t<div class=\"wpb_text_column wpb_content_element\" >\n\t\t<div class=\"wpb_wrapper\">\n\t\t\t<p>D J Kim<\/p>\n\n\t\t<\/div>\n\t<\/div>\n<\/div><\/div><\/div><div class=\"wpb_column vc_column_container vc_col-sm-1\/5\"><div class=\"vc_column-inner\"><div class=\"wpb_wrapper\">\n\t<div  class=\"wpb_single_image wpb_content_element vc_align_center\">\n\t\t\n\t\t<figure class=\"wpb_wrapper vc_figure\">\n\t\t\t<div class=\"vc_single_image-wrapper   vc_box_border_grey layzr-bg\"><img loading=\"lazy\" decoding=\"async\" width=\"712\" height=\"1024\" src=\"data:image\/svg+xml;charset=utf-8,%3Csvg xmlns%3D'http%3A%2F%2Fwww.w3.org%2F2000%2Fsvg' viewBox%3D'0 0 712 1024'%2F%3E\" data-src=\"https:\/\/prehabilitation.ca\/wp-content\/uploads\/sites\/10\/2023\/09\/Anastasia-712x1024.png\" class=\"lazy-load vc_single_image-img attachment-large\" alt=\"\" title=\"Anastasia\" data-srcset=\"https:\/\/prehabilitation.ca\/wp-content\/uploads\/sites\/10\/2023\/09\/Anastasia-712x1024.png 712w, https:\/\/prehabilitation.ca\/wp-content\/uploads\/sites\/10\/2023\/09\/Anastasia-209x300.png 209w, https:\/\/prehabilitation.ca\/wp-content\/uploads\/sites\/10\/2023\/09\/Anastasia-768x1104.png 768w, https:\/\/prehabilitation.ca\/wp-content\/uploads\/sites\/10\/2023\/09\/Anastasia-1069x1536.png 1069w, https:\/\/prehabilitation.ca\/wp-content\/uploads\/sites\/10\/2023\/09\/Anastasia-1425x2048.png 1425w, https:\/\/prehabilitation.ca\/wp-content\/uploads\/sites\/10\/2023\/09\/Anastasia-8x12.png 8w, https:\/\/prehabilitation.ca\/wp-content\/uploads\/sites\/10\/2023\/09\/Anastasia.png 1877w\" sizes=\"auto, (max-width: 712px) 100vw, 712px\"  data-dt-location=\"https:\/\/prehabilitation.ca\/fr\/newsletter-august-2023\/anastasia\/\" \/><\/div>\n\t\t<\/figure>\n\t<\/div>\n\n\t<div class=\"wpb_text_column wpb_content_element\" >\n\t\t<div class=\"wpb_wrapper\">\n\t\t\t<p>Anastasia Parashis<\/p>\n\n\t\t<\/div>\n\t<\/div>\n<\/div><\/div><\/div><div class=\"wpb_column vc_column_container vc_col-sm-1\/5\"><div class=\"vc_column-inner\"><div class=\"wpb_wrapper\">\n\t<div  class=\"wpb_single_image wpb_content_element vc_align_center\">\n\t\t\n\t\t<figure class=\"wpb_wrapper vc_figure\">\n\t\t\t<div class=\"vc_single_image-wrapper   vc_box_border_grey layzr-bg\"><img loading=\"lazy\" decoding=\"async\" width=\"692\" height=\"1024\" src=\"data:image\/svg+xml;charset=utf-8,%3Csvg xmlns%3D'http%3A%2F%2Fwww.w3.org%2F2000%2Fsvg' viewBox%3D'0 0 692 1024'%2F%3E\" data-src=\"https:\/\/prehabilitation.ca\/wp-content\/uploads\/sites\/10\/2023\/09\/Jade-692x1024.png\" class=\"lazy-load vc_single_image-img attachment-large\" alt=\"\" title=\"Jade\" data-srcset=\"https:\/\/prehabilitation.ca\/wp-content\/uploads\/sites\/10\/2023\/09\/Jade-692x1024.png 692w, https:\/\/prehabilitation.ca\/wp-content\/uploads\/sites\/10\/2023\/09\/Jade-203x300.png 203w, https:\/\/prehabilitation.ca\/wp-content\/uploads\/sites\/10\/2023\/09\/Jade-768x1136.png 768w, https:\/\/prehabilitation.ca\/wp-content\/uploads\/sites\/10\/2023\/09\/Jade-1038x1536.png 1038w, https:\/\/prehabilitation.ca\/wp-content\/uploads\/sites\/10\/2023\/09\/Jade-8x12.png 8w, https:\/\/prehabilitation.ca\/wp-content\/uploads\/sites\/10\/2023\/09\/Jade.png 1245w\" sizes=\"auto, (max-width: 692px) 100vw, 692px\"  data-dt-location=\"https:\/\/prehabilitation.ca\/fr\/newsletter-august-2023\/jade\/\" \/><\/div>\n\t\t<\/figure>\n\t<\/div>\n\n\t<div class=\"wpb_text_column wpb_content_element\" >\n\t\t<div class=\"wpb_wrapper\">\n\t\t\t<p>Jade Corriveau<\/p>\n\n\t\t<\/div>\n\t<\/div>\n<\/div><\/div><\/div><div class=\"wpb_column vc_column_container vc_col-sm-1\/5\"><div class=\"vc_column-inner\"><div class=\"wpb_wrapper\">\n\t<div  class=\"wpb_single_image wpb_content_element vc_align_center\">\n\t\t\n\t\t<figure class=\"wpb_wrapper vc_figure\">\n\t\t\t<div class=\"vc_single_image-wrapper   vc_box_border_grey layzr-bg\"><img loading=\"lazy\" decoding=\"async\" width=\"690\" height=\"1024\" src=\"data:image\/svg+xml;charset=utf-8,%3Csvg xmlns%3D'http%3A%2F%2Fwww.w3.org%2F2000%2Fsvg' viewBox%3D'0 0 690 1024'%2F%3E\" data-src=\"https:\/\/prehabilitation.ca\/wp-content\/uploads\/sites\/10\/2023\/09\/Linda-690x1024.png\" class=\"lazy-load vc_single_image-img attachment-large\" alt=\"\" title=\"Linda\" data-srcset=\"https:\/\/prehabilitation.ca\/wp-content\/uploads\/sites\/10\/2023\/09\/Linda-690x1024.png 690w, https:\/\/prehabilitation.ca\/wp-content\/uploads\/sites\/10\/2023\/09\/Linda-202x300.png 202w, https:\/\/prehabilitation.ca\/wp-content\/uploads\/sites\/10\/2023\/09\/Linda-768x1140.png 768w, https:\/\/prehabilitation.ca\/wp-content\/uploads\/sites\/10\/2023\/09\/Linda-1035x1536.png 1035w, https:\/\/prehabilitation.ca\/wp-content\/uploads\/sites\/10\/2023\/09\/Linda-1380x2048.png 1380w, https:\/\/prehabilitation.ca\/wp-content\/uploads\/sites\/10\/2023\/09\/Linda-8x12.png 8w\" sizes=\"auto, (max-width: 690px) 100vw, 690px\"  data-dt-location=\"https:\/\/prehabilitation.ca\/fr\/newsletter-august-2023\/linda\/\" \/><\/div>\n\t\t<\/figure>\n\t<\/div>\n\n\t<div class=\"wpb_text_column wpb_content_element\" >\n\t\t<div class=\"wpb_wrapper\">\n\t\t\t<p>Linda Edgar<\/p>\n\n\t\t<\/div>\n\t<\/div>\n<\/div><\/div><\/div><div class=\"wpb_column vc_column_container vc_col-sm-1\/5\"><div class=\"vc_column-inner\"><div class=\"wpb_wrapper\">\n\t<div  class=\"wpb_single_image wpb_content_element vc_align_center\">\n\t\t\n\t\t<figure class=\"wpb_wrapper vc_figure\">\n\t\t\t<div class=\"vc_single_image-wrapper   vc_box_border_grey layzr-bg\"><img loading=\"lazy\" decoding=\"async\" width=\"697\" height=\"1024\" src=\"data:image\/svg+xml;charset=utf-8,%3Csvg xmlns%3D'http%3A%2F%2Fwww.w3.org%2F2000%2Fsvg' viewBox%3D'0 0 697 1024'%2F%3E\" data-src=\"https:\/\/prehabilitation.ca\/wp-content\/uploads\/sites\/10\/2023\/09\/Carol-697x1024.png\" class=\"lazy-load vc_single_image-img attachment-large\" alt=\"\" title=\"Carol\" data-srcset=\"https:\/\/prehabilitation.ca\/wp-content\/uploads\/sites\/10\/2023\/09\/Carol-697x1024.png 697w, https:\/\/prehabilitation.ca\/wp-content\/uploads\/sites\/10\/2023\/09\/Carol-204x300.png 204w, https:\/\/prehabilitation.ca\/wp-content\/uploads\/sites\/10\/2023\/09\/Carol-768x1129.png 768w, https:\/\/prehabilitation.ca\/wp-content\/uploads\/sites\/10\/2023\/09\/Carol-1045x1536.png 1045w, https:\/\/prehabilitation.ca\/wp-content\/uploads\/sites\/10\/2023\/09\/Carol-1393x2048.png 1393w, https:\/\/prehabilitation.ca\/wp-content\/uploads\/sites\/10\/2023\/09\/Carol-8x12.png 8w\" sizes=\"auto, (max-width: 697px) 100vw, 697px\"  data-dt-location=\"https:\/\/prehabilitation.ca\/fr\/newsletter-august-2023\/carol\/\" \/><\/div>\n\t\t<\/figure>\n\t<\/div>\n\n\t<div class=\"wpb_text_column wpb_content_element\" >\n\t\t<div class=\"wpb_wrapper\">\n\t\t\t<p>Carol Common<\/p>\n\n\t\t<\/div>\n\t<\/div>\n<\/div><\/div><\/div><\/div><\/div><\/div><\/div><\/div><div class=\"vc_row wpb_row vc_row-fluid\"><div class=\"wpb_column vc_column_container vc_col-sm-12\"><div class=\"vc_column-inner\"><div class=\"wpb_wrapper\">\n\t<div class=\"wpb_text_column wpb_content_element\" >\n\t\t<div class=\"wpb_wrapper\">\n\t\t\t<h3><strong><u><b>Programme de recherche<\/b><\/u><\/strong><\/h3>\n\n\t\t<\/div>\n\t<\/div>\n<div class=\"vc_row wpb_row vc_inner vc_row-fluid\"><div class=\"wpb_column vc_column_container vc_col-sm-3\"><div class=\"vc_column-inner\"><div class=\"wpb_wrapper\">\n\t<div  class=\"wpb_single_image wpb_content_element vc_align_left\">\n\t\t\n\t\t<figure class=\"wpb_wrapper vc_figure\">\n\t\t\t<div class=\"vc_single_image-wrapper   vc_box_border_grey layzr-bg\"><img loading=\"lazy\" decoding=\"async\" width=\"448\" height=\"448\" src=\"data:image\/svg+xml;charset=utf-8,%3Csvg xmlns%3D'http%3A%2F%2Fwww.w3.org%2F2000%2Fsvg' viewBox%3D'0 0 448 448'%2F%3E\" data-src=\"https:\/\/prehabilitation.ca\/wp-content\/uploads\/sites\/10\/2020\/09\/dr-chelsia-gillis-prehabilitation-peri-operative.jpg\" class=\"lazy-load vc_single_image-img attachment-large\" alt=\"\" title=\"dr chelsia gillis prehabilitation peri operative\" data-srcset=\"https:\/\/prehabilitation.ca\/wp-content\/uploads\/sites\/10\/2020\/09\/dr-chelsia-gillis-prehabilitation-peri-operative.jpg 448w, https:\/\/prehabilitation.ca\/wp-content\/uploads\/sites\/10\/2020\/09\/dr-chelsia-gillis-prehabilitation-peri-operative-300x300.jpg 300w, https:\/\/prehabilitation.ca\/wp-content\/uploads\/sites\/10\/2020\/09\/dr-chelsia-gillis-prehabilitation-peri-operative-150x150.jpg 150w\" sizes=\"auto, (max-width: 448px) 100vw, 448px\"  data-dt-location=\"https:\/\/prehabilitation.ca\/fr\/dr-chelsia-gillis-prehabilitation-peri-operative-2\/\" \/><\/div>\n\t\t<\/figure>\n\t<\/div>\n<\/div><\/div><\/div><div class=\"wpb_column vc_column_container vc_col-sm-9\"><div class=\"vc_column-inner\"><div class=\"wpb_wrapper\">\n\t<div class=\"wpb_text_column wpb_content_element\" >\n\t\t<div class=\"wpb_wrapper\">\n\t\t\t<p>Au cours de l\u2019ann\u00e9e 2022-2023, quatre \u00e9tudiants en ma\u00eetrise, trois \u00e9tudiants en doctorat et deux \u00e9tudiants en \u00e9tudes postdoctorales ont poursuivi leurs travaux de recherche au POP, gr\u00e2ce \u00e0 des subventions du R\u00e9seau de canc\u00e9rologie Rossy, de la Soci\u00e9t\u00e9 europ\u00e9enne de nutrition clinique et de m\u00e9tabolisme (ESPEN) et de MITACS. Ces travaux de recherche ont donn\u00e9 lieu \u00e0 la publication de dix articles dans des revues prestigieuses. Apr\u00e8s avoir fait sa ma\u00eetrise avec\u00a0POP (Universit\u00e9 McGill) et un doctorat \u00e0 l\u2019Universit\u00e9 de Calgary, Dre\u00a0Chelsia Gillis est de retour au\u00a0POP, o\u00f9 elle poursuivra ses travaux et sera responsable de la recherche. Depuis janvier 2022, elle est professeure adjointe \u00e0 l\u2019\u00c9cole de nutrition humaine de l\u2019Universit\u00e9 McGill.<\/p>\n<p>La clinique du programme p\u00e9riop\u00e9ratoire a r\u00e9cemment eu le plaisir de recevoir\u00a0la visite de Dre\u00a0Lucie Opatrny, pr\u00e9sidente-directrice g\u00e9n\u00e9rale du\u00a0CUSM. Le Dr\u00a0Carli lui a pr\u00e9sent\u00e9 les membres de l\u2019\u00e9quipe du programme p\u00e9riop\u00e9ratoire et lui a montr\u00e9 comment fonctionne le programme de pr\u00e9adaptation. Nous la remercions d\u2019avoir pris le temps de nous visiter.<\/p>\n\n\t\t<\/div>\n\t<\/div>\n<\/div><\/div><\/div><\/div>\n\t<div  class=\"wpb_single_image wpb_content_element vc_align_center\">\n\t\t\n\t\t<figure class=\"wpb_wrapper vc_figure\">\n\t\t\t<div class=\"vc_single_image-wrapper   vc_box_border_grey layzr-bg\"><img loading=\"lazy\" decoding=\"async\" width=\"1024\" height=\"700\" src=\"data:image\/svg+xml;charset=utf-8,%3Csvg xmlns%3D'http%3A%2F%2Fwww.w3.org%2F2000%2Fsvg' viewBox%3D'0 0 1024 700'%2F%3E\" data-src=\"https:\/\/prehabilitation.ca\/wp-content\/uploads\/sites\/10\/2023\/09\/Team-1024x700.png\" class=\"lazy-load vc_single_image-img attachment-large\" alt=\"\" title=\"Membres de l\u2019\u00e9quipe\" data-srcset=\"https:\/\/prehabilitation.ca\/wp-content\/uploads\/sites\/10\/2023\/09\/Team-1024x700.png 1024w, https:\/\/prehabilitation.ca\/wp-content\/uploads\/sites\/10\/2023\/09\/Team-300x205.png 300w, https:\/\/prehabilitation.ca\/wp-content\/uploads\/sites\/10\/2023\/09\/Team-768x525.png 768w, https:\/\/prehabilitation.ca\/wp-content\/uploads\/sites\/10\/2023\/09\/Team-1536x1050.png 1536w, https:\/\/prehabilitation.ca\/wp-content\/uploads\/sites\/10\/2023\/09\/Team-2048x1400.png 2048w, https:\/\/prehabilitation.ca\/wp-content\/uploads\/sites\/10\/2023\/09\/Team-18x12.png 18w\" sizes=\"auto, (max-width: 1024px) 100vw, 1024px\"  data-dt-location=\"https:\/\/prehabilitation.ca\/fr\/newsletter-august-2023\/team-3\/\" \/><\/div>\n\t\t<\/figure>\n\t<\/div>\n<\/div><\/div><\/div><\/div><div class=\"vc_row wpb_row vc_row-fluid\"><div class=\"wpb_column vc_column_container vc_col-sm-12\"><div class=\"vc_column-inner\"><div class=\"wpb_wrapper\">\n\t<div class=\"wpb_text_column wpb_content_element\" >\n\t\t<div class=\"wpb_wrapper\">\n\t\t\t<h3><strong><u>CONF\u00c9RENCES ET ATELIERS<\/u><\/strong><\/h3>\n<p class=\"translation-block\">Le troisi\u00e8me congr\u00e8s mondial de l\u2019EBPOM (Evidence Based Perioperative Medecine) sur la pr\u00e9adaptation s\u2019est tenu \u00e0 Londres, au R.-U., du 4\u00a0au\u00a06\u00a0juillet 2023 (le premier congr\u00e8s mondial a eu lieu \u00e0 Montr\u00e9al, Canada en\u00a02017). Plusieurs membres de l\u2019\u00e9quipe du\u00a0POP se sont rendus \u00e0 la conf\u00e9rence et ont pr\u00e9sent\u00e9 dix r\u00e9sum\u00e9s scientifiques de leurs travaux de recherche \u00e0 la clinique. La Dre\u00a0Gillis a donn\u00e9 plusieurs conf\u00e9rences, et Dr\u00a0Carli \u00e9tait le conf\u00e9rencier Ernest Henry Starling.<\/p>\n<p>Chaque mercredi midi, nous organisons des tables rondes o\u00f9 des pr\u00e9sentations sont donn\u00e9es par divers \u00e9tudiants qui font de la recherche en pr\u00e9adaptation et par des m\u00e9decins travaillant dans le domaine de la pr\u00e9adaptation afin d\u2019approfondir nos connaissances. Les connaissances sur les divers aspects de la pr\u00e9adaptation sont partag\u00e9es et font l\u2019objet de discussions.<\/p>\n<p class=\"translation-block\">Depuis mai\u00a02023, un groupe de discussion form\u00e9 des membres de l\u2019\u00e9quipe du\u00a0POP tient des rencontres virtuelles ou en personne afin de discuter des am\u00e9liorations \u00e0 apporter, de la planification et de l\u2019\u00e9tablissement de protocoles visant \u00e0 assurer le bon fonctionnement de la clinique du programme p\u00e9riop\u00e9ratoire et \u00e0 am\u00e9liorer l\u2019exp\u00e9rience des patients. L\u2019un des \u00e9l\u00e9ments cl\u00e9s du programme p\u00e9riop\u00e9ratoire, c\u2019est qu\u2019il est orient\u00e9 sur le patient, c\u2019est-\u00e0-dire que les objectifs \u00e0 atteindre sont fix\u00e9s par le professionnel de la sant\u00e9 et par le patient.<\/p>\n<p>Chaque automne depuis les cinq derni\u00e8res ann\u00e9es, POP\u00a0organise des ateliers (en personne et en mode virtuel durant la pand\u00e9mie) qui s\u2019adressent \u00e0 toutes les personnes qui d\u00e9sirent mettre en place un programme de pr\u00e9adaptation. Les participants incluent des m\u00e9decins, infirmi\u00e8res, physioth\u00e9rapeutes, kin\u00e9siologues, professionnels en sant\u00e9 mentale et nutritionnistes de toutes les r\u00e9gions de la province et de partout dans le monde. Tous les participants aux ateliers apprennent comment notre programme de pr\u00e9adaptation est g\u00e9r\u00e9 et structur\u00e9. Entre 25\u00a0et\u00a050\u00a0personnes participent \u00e0 chaque atelier.<\/p>\n<p>Au cours de la derni\u00e8re ann\u00e9e, nous avons re\u00e7u des visiteurs de l\u2019Allemagne, de l\u2019Angleterre et des \u00c9tats-Unis, ainsi que des participants provenant des h\u00f4pitaux de la r\u00e9gion de Montr\u00e9al (CHUM, H\u00f4pital g\u00e9n\u00e9ral juif, Cit\u00e9-de-la-Sant\u00e9, Sherbrooke et Maisonneuve-Rosemont).<\/p>\n<h3><strong><u><b>MEMBRES DU PERSONNEL ET \u00c9TUDIANTS<\/b><\/u><\/strong><\/h3>\n<p>Le Dr\u00a0Enrico Minella, qui a pass\u00e9 plusieurs ann\u00e9es avec nous, est retourn\u00e9 en Italie et travaille maintenant pour Dompe Pharma. La Dre Gabriele Baldini, anesth\u00e9siologiste et r\u00e9cemment nomm\u00e9e responsable de la clinique pr\u00e9op\u00e9ratoire, est retourn\u00e9e en Italie pour cr\u00e9er une unit\u00e9 de soins de pr\u00e9adaptation \u00e0 l\u2019h\u00f4pital universitaire de Florence. Dr\u00a0Miquel Coca, anesth\u00e9siologue, qui a pass\u00e9 plusieurs ann\u00e9es avec nous en tant que clinicien et chercheur associ\u00e9, a accept\u00e9 un poste de professeur clinicien \u00e0 l\u2019h\u00f4pital Maisonneuve-Rosemont \u00e0 Montr\u00e9al. Il poursuit ses travaux de recherche sur les maladies cardiovasculaires avec la Dre\u00a0Heather Gill du\u00a0CHUM et continue de jouer un r\u00f4le au sein du programme p\u00e9riop\u00e9ratoire. La Dre\u00a0Vanessa Ferreira a obtenu un doctorat pour ses travaux de recherche au\u00a0POP et a accept\u00e9 un poste \u00e0 Takeda Pharma. Bhagya Lakshmi Ramappa Tahasildar, qui a pass\u00e9 les quatre derni\u00e8res ann\u00e9es avec nous, nous quitte pour Ottawa, o\u00f9 elle participera \u00e0 l\u2019\u00e9laboration d\u2019un programme p\u00e9riop\u00e9ratoire \u00e0 l\u2019Institut de recherche de l\u2019H\u00f4pital d\u2019Ottawa.<\/p>\n<p>Tous nos associ\u00e9s de recherche, Dr\u00a0Stefan Saric (un anesth\u00e9siologiste australien), Dr\u00a0Dominic Engel (un anesth\u00e9siologiste suisse) et\u00a0Dr\u00a0Giuseppe Testa (un g\u00e9riatre italien) sont retourn\u00e9s dans leur propre pays.<\/p>\n<p>La Dre\u00a0Janius Tsang, anesth\u00e9siologiste, s\u2019est jointe \u00e0 l\u2019\u00e9quipe du\u00a0CUSM et termine sa ma\u00eetrise en chirurgie exp\u00e9rimentale. Elle travaillera \u00e0 la clinique de pr\u00e9adaptation un jour par semaine \u00e0 titre de m\u00e9decin traitant. Nous continuons de travailler en collaboration avec la\u00a0Dre\u00a0Amal Bessissow, interniste, qui dirige actuellement la clinique m\u00e9dicale de soins pr\u00e9op\u00e9ratoires.<\/p>\n<p>Le Dr\u00a0Miguel Trottier, m\u00e9decin r\u00e9sident en g\u00e9riatrie \u00e0 l\u2019Universit\u00e9 McGill, qui a pass\u00e9 trois mois \u00e0 notre clinique de soins p\u00e9riop\u00e9ratoires, occupe maintenant un poste au Centre hospitalier universitaire de Sherbrooke.<\/p>\n<p>Sarah Atoui\u00a0(Ph.\u00a0D.), Kenny Drummond\u00a0(M.\u00a0Sc.) et Genevi\u00e8ve Lambert\u00a0(M.\u00a0Sc.) ont effectu\u00e9 leurs travaux de recherche au sein du programme p\u00e9riop\u00e9ratoire au cours des trois derni\u00e8res ann\u00e9es et ont poursuivi leur carri\u00e8re ailleurs.<\/p>\n<h3><strong><u><b>ACTIVIT\u00c9S DE FINANCEMENT 2023<\/b><\/u><\/strong><\/h3>\n<p>Durant la pand\u00e9mie, il n\u2019\u00e9tait pas possible d\u2019organiser des \u00e9v\u00e9nements de financement. Puis, lentement mais s\u00fbrement, nous sommes retourn\u00e9s \u00e0 une vie normale. Nous esp\u00e9rons \u00eatre en mesure de reprendre les importantes activit\u00e9s de financement du pass\u00e9.<\/p>\n<p>Do Jun Kim a couru un demi marathon en septembre\u00a02022 et a form\u00e9 une \u00e9quipe au\u00a0POP pour participer \u00e0 une marche\/course de 5\u00a0km en avril\u00a02023. L\u2019\u00e9quipe a ainsi r\u00e9colt\u00e9 plus de 20\u00a0000\u00a0$ pour notre clinique. Les patients, les employ\u00e9s et les familles ont tous particip\u00e9 \u00e0 l\u2019\u00e9v\u00e9nement. Do Jun Kim a encore organis\u00e9 une autre course pour recueillir des fonds; cette course se tiendra en septembre\u00a02023.<\/p>\n\n\t\t<\/div>\n\t<\/div>\n<\/div><\/div><\/div><\/div><div class=\"vc_row wpb_row vc_row-fluid\"><div class=\"wpb_column vc_column_container vc_col-sm-6\"><div class=\"vc_column-inner\"><div class=\"wpb_wrapper\">\n\t<div  class=\"wpb_single_image wpb_content_element vc_align_center\">\n\t\t\n\t\t<figure class=\"wpb_wrapper vc_figure\">\n\t\t\t<div class=\"vc_single_image-wrapper   vc_box_border_grey layzr-bg\"><img loading=\"lazy\" decoding=\"async\" width=\"1024\" height=\"577\" src=\"data:image\/svg+xml;charset=utf-8,%3Csvg xmlns%3D'http%3A%2F%2Fwww.w3.org%2F2000%2Fsvg' viewBox%3D'0 0 1024 577'%2F%3E\" data-src=\"https:\/\/prehabilitation.ca\/wp-content\/uploads\/sites\/10\/2023\/09\/Run1-1024x577.png\" class=\"lazy-load vc_single_image-img attachment-large\" alt=\"\" title=\"Run1\" data-srcset=\"https:\/\/prehabilitation.ca\/wp-content\/uploads\/sites\/10\/2023\/09\/Run1-1024x577.png 1024w, https:\/\/prehabilitation.ca\/wp-content\/uploads\/sites\/10\/2023\/09\/Run1-300x169.png 300w, https:\/\/prehabilitation.ca\/wp-content\/uploads\/sites\/10\/2023\/09\/Run1-768x433.png 768w, https:\/\/prehabilitation.ca\/wp-content\/uploads\/sites\/10\/2023\/09\/Run1-1536x866.png 1536w, https:\/\/prehabilitation.ca\/wp-content\/uploads\/sites\/10\/2023\/09\/Run1-2048x1155.png 2048w, https:\/\/prehabilitation.ca\/wp-content\/uploads\/sites\/10\/2023\/09\/Run1-18x10.png 18w\" sizes=\"auto, (max-width: 1024px) 100vw, 1024px\"  data-dt-location=\"https:\/\/prehabilitation.ca\/fr\/newsletter-august-2023\/run1\/\" \/><\/div>\n\t\t<\/figure>\n\t<\/div>\n<\/div><\/div><\/div><div class=\"wpb_column vc_column_container vc_col-sm-6\"><div class=\"vc_column-inner\"><div class=\"wpb_wrapper\">\n\t<div  class=\"wpb_single_image wpb_content_element vc_align_center\">\n\t\t\n\t\t<figure class=\"wpb_wrapper vc_figure\">\n\t\t\t<div class=\"vc_single_image-wrapper   vc_box_border_grey layzr-bg\"><img loading=\"lazy\" decoding=\"async\" width=\"1024\" height=\"576\" src=\"data:image\/svg+xml;charset=utf-8,%3Csvg xmlns%3D'http%3A%2F%2Fwww.w3.org%2F2000%2Fsvg' viewBox%3D'0 0 1024 576'%2F%3E\" data-src=\"https:\/\/prehabilitation.ca\/wp-content\/uploads\/sites\/10\/2023\/09\/Run2-1024x576.png\" class=\"lazy-load vc_single_image-img attachment-large\" alt=\"\" title=\"Run2\" data-srcset=\"https:\/\/prehabilitation.ca\/wp-content\/uploads\/sites\/10\/2023\/09\/Run2-1024x576.png 1024w, https:\/\/prehabilitation.ca\/wp-content\/uploads\/sites\/10\/2023\/09\/Run2-300x169.png 300w, https:\/\/prehabilitation.ca\/wp-content\/uploads\/sites\/10\/2023\/09\/Run2-768x432.png 768w, https:\/\/prehabilitation.ca\/wp-content\/uploads\/sites\/10\/2023\/09\/Run2-1536x864.png 1536w, https:\/\/prehabilitation.ca\/wp-content\/uploads\/sites\/10\/2023\/09\/Run2-2048x1151.png 2048w, https:\/\/prehabilitation.ca\/wp-content\/uploads\/sites\/10\/2023\/09\/Run2-18x10.png 18w\" sizes=\"auto, (max-width: 1024px) 100vw, 1024px\"  data-dt-location=\"https:\/\/prehabilitation.ca\/fr\/newsletter-august-2023\/run2\/\" \/><\/div>\n\t\t<\/figure>\n\t<\/div>\n<\/div><\/div><\/div><\/div><div class=\"vc_row wpb_row vc_row-fluid\"><div class=\"wpb_column vc_column_container vc_col-sm-12\"><div class=\"vc_column-inner\"><div class=\"wpb_wrapper\">\n\t<div class=\"wpb_text_column wpb_content_element\" >\n\t\t<div class=\"wpb_wrapper\">\n\t\t\t<h3><strong><u><b>DONS<\/b><\/u><\/strong><\/h3>\n<p>Nous sommes \u00e9ternellement reconnaissants envers la Fondation Louise et Alan Edwards pour leur g\u00e9n\u00e9reux dons au cours des six ou sept derni\u00e8res ann\u00e9es. Nous aimerions \u00e9galement remercier la Fondation de la famille Birks pour son soutien ind\u00e9fectible. La Fondation de l\u2019H\u00f4pital g\u00e9n\u00e9ral de Montr\u00e9al a contribu\u00e9 g\u00e9n\u00e9reusement aux activit\u00e9s de financement et \u00e0 la gestion du compte de\u00a0POP. De nombreux patients ont manifest\u00e9 leur reconnaissance envers le programme en appuyant nos initiatives de financement.<\/p>\n<p>Nous tenons \u00e9galement \u00e0 remercier tous nos b\u00e9n\u00e9voles, qui ont si g\u00e9n\u00e9reusement donn\u00e9 leur temps en participant au programme et en soutenant nos efforts visant \u00e0 am\u00e9liorer les soins aux patients.<\/p>\n\n\t\t<\/div>\n\t<\/div>\n<\/div><\/div><\/div><\/div><div class=\"vc_row wpb_row vc_row-fluid\"><div class=\"wpb_column vc_column_container vc_col-sm-12\"><div class=\"vc_column-inner\"><div class=\"wpb_wrapper\">\n\t<div class=\"wpb_text_column wpb_content_element\" >\n\t\t<div class=\"wpb_wrapper\">\n\t\t\t<p style=\"text-align: center\"><span style=\"color: #ff0000\">DONNEZ G\u00c9N\u00c9REUSEMENT AFIN DE SOUTENIR<\/span><br \/>\n<span style=\"color: #ff0000\">LE PROGRAMME P\u00c9RIOP\u00c9RATOIRE\u00a0(POP)<\/span><br \/>\n<span style=\"color: #ff0000\">Pour en savoir plus sur le programme p\u00e9riop\u00e9ratoire (POP) ou pour faire un don, veuille consulter notre site Web\u00a0:<\/span><\/p>\n\n\t\t<\/div>\n\t<\/div>\n<div class=\"vc_btn3-container vc_btn3-inline\" ><a class=\"vc_general vc_btn3 vc_btn3-size-md vc_btn3-shape-rounded vc_btn3-style-flat vc_btn3-color-turquoise\" href=\"https:\/\/prehabilitation.ca\/fr\/how-to-donate\/\" title=\"SOUTENIR POP\" target=\"_blank\">SOUTENIR POP<\/a><\/div><\/div><\/div><\/div><\/div><div class=\"vc_row wpb_row vc_row-fluid\"><div class=\"wpb_column vc_column_container vc_col-sm-12\"><div class=\"vc_column-inner\"><div class=\"wpb_wrapper\"><div class=\"vc_separator wpb_content_element vc_separator_align_center vc_sep_width_100 vc_sep_pos_align_center vc_separator_no_text vc_sep_color_grey wpb_content_element  wpb_content_element\" ><span class=\"vc_sep_holder vc_sep_holder_l\"><span class=\"vc_sep_line\"><\/span><\/span><span class=\"vc_sep_holder vc_sep_holder_r\"><span class=\"vc_sep_line\"><\/span><\/span>\n<\/div><\/div><\/div><\/div><\/div><div class=\"vc_row wpb_row vc_row-fluid\"><div class=\"wpb_column vc_column_container vc_col-sm-12\"><div class=\"vc_column-inner\"><div class=\"wpb_wrapper\"><div class=\"vc_btn3-container vc_btn3-inline\" ><a class=\"vc_general vc_btn3 vc_btn3-size-md vc_btn3-shape-rounded vc_btn3-style-modern vc_btn3-color-turquoise\" href=\"https:\/\/prehabilitation.ca\/wp-content\/uploads\/sites\/10\/2023\/09\/August-2023-Newsletter-version-francaise-Finale.pdf\" title=\"\" target=\"_blank\" rel=\"nofollow\">Voir la newsletter en pdf<\/a><\/div><\/div><\/div><\/div><\/div>\n<\/div>","protected":false},"excerpt":{"rendered":"<p>WHAT\u2019S UP AT POP? Peri Operative Programme P\u00e9ri-Op\u00e9ratoire (POP) Newsletter August 2023 PERI OPERATIVE PROGRAMME P\u00c9RI OP\u00c9RATOIRE (POP) TEAM 2022-2023 PRESIDENT\u2019S REPORT The New MUHC Prehabilitation Clinic: As of October 2021, POP was given the authority by the MUHC to operate as a clinic. The new MUHC clinic is staffed by 3 MUHC employees; 1&hellip;<\/p>","protected":false},"author":115,"featured_media":16443,"comment_status":"closed","ping_status":"open","sticky":false,"template":"","format":"standard","meta":{"_monsterinsights_skip_tracking":false,"_monsterinsights_sitenote_active":false,"_monsterinsights_sitenote_note":"","_monsterinsights_sitenote_category":0,"footnotes":""},"categories":[56],"tags":[],"yst_prominent_words":[],"class_list":["post-16441","post","type-post","status-publish","format-standard","has-post-thumbnail","hentry","category-latest-news","category-56","description-off"],"_links":{"self":[{"href":"https:\/\/prehabilitation.ca\/fr\/wp-json\/wp\/v2\/posts\/16441","targetHints":{"allow":["GET"]}}],"collection":[{"href":"https:\/\/prehabilitation.ca\/fr\/wp-json\/wp\/v2\/posts"}],"about":[{"href":"https:\/\/prehabilitation.ca\/fr\/wp-json\/wp\/v2\/types\/post"}],"author":[{"embeddable":true,"href":"https:\/\/prehabilitation.ca\/fr\/wp-json\/wp\/v2\/users\/115"}],"replies":[{"embeddable":true,"href":"https:\/\/prehabilitation.ca\/fr\/wp-json\/wp\/v2\/comments?post=16441"}],"version-history":[{"count":2,"href":"https:\/\/prehabilitation.ca\/fr\/wp-json\/wp\/v2\/posts\/16441\/revisions"}],"predecessor-version":[{"id":16459,"href":"https:\/\/prehabilitation.ca\/fr\/wp-json\/wp\/v2\/posts\/16441\/revisions\/16459"}],"wp:featuredmedia":[{"embeddable":true,"href":"https:\/\/prehabilitation.ca\/fr\/wp-json\/wp\/v2\/media\/16443"}],"wp:attachment":[{"href":"https:\/\/prehabilitation.ca\/fr\/wp-json\/wp\/v2\/media?parent=16441"}],"wp:term":[{"taxonomy":"category","embeddable":true,"href":"https:\/\/prehabilitation.ca\/fr\/wp-json\/wp\/v2\/categories?post=16441"},{"taxonomy":"post_tag","embeddable":true,"href":"https:\/\/prehabilitation.ca\/fr\/wp-json\/wp\/v2\/tags?post=16441"},{"taxonomy":"yst_prominent_words","embeddable":true,"href":"https:\/\/prehabilitation.ca\/fr\/wp-json\/wp\/v2\/yst_prominent_words?post=16441"}],"curies":[{"name":"wp","href":"https:\/\/api.w.org\/{rel}","templated":true}]}}